{"id":446,"date":"2017-06-10T14:20:41","date_gmt":"2017-06-10T12:20:41","guid":{"rendered":"http:\/\/cefanamur.be\/site\/?p=446"},"modified":"2025-05-15T14:06:32","modified_gmt":"2025-05-15T12:06:32","slug":"evelene-massaux","status":"publish","type":"post","link":"https:\/\/cefanamur.be\/site\/index.php\/2017\/06\/10\/evelene-massaux\/","title":{"rendered":"P\u00f4le \u00e9ducatif et relationnel"},"content":{"rendered":"<p>L&rsquo;\u00e9quipe des \u00e9ducateurs sont en charge :<\/p>\n<ul>\n<li>de l&rsquo;encadrement relationnel des \u00e9l\u00e8ves,<\/li>\n<li>du suivi disciplinaire des \u00e9l\u00e8ves,<\/li>\n<li>de l&rsquo;encodage des pr\u00e9sences et des absences des \u00e9l\u00e8ves,<\/li>\n<li>du relationnel scolaire avec les parents,<\/li>\n<li>de la mise en place et du suivi des contrats disciplinaires et des contrats d&rsquo;objectifs.<\/li>\n<\/ul>\n<p>&nbsp;<\/p>\n","protected":false},"excerpt":{"rendered":"<p>L&rsquo;\u00e9quipe des \u00e9ducateurs sont en charge : de l&rsquo;encadrement relationnel des \u00e9l\u00e8ves, du suivi disciplinaire des \u00e9l\u00e8ves, de l&rsquo;encodage des pr\u00e9sences et des absences des<\/p>\n","protected":false},"author":1,"featured_media":0,"comment_status":"closed","ping_status":"closed","sticky":false,"template":"","format":"standard","meta":{"footnotes":""},"categories":[12],"tags":[],"acf":[],"publishpress_future_action":{"enabled":false,"date":"1970-01-01 01:00:00","action":"","terms":[],"taxonomy":"","browser_timezone_offset":0},"_links":{"self":[{"href":"https:\/\/cefanamur.be\/site\/index.php\/wp-json\/wp\/v2\/posts\/446"}],"collection":[{"href":"https:\/\/cefanamur.be\/site\/index.php\/wp-json\/wp\/v2\/posts"}],"about":[{"href":"https:\/\/cefanamur.be\/site\/index.php\/wp-json\/wp\/v2\/types\/post"}],"author":[{"embeddable":true,"href":"https:\/\/cefanamur.be\/site\/index.php\/wp-json\/wp\/v2\/users\/1"}],"replies":[{"embeddable":true,"href":"https:\/\/cefanamur.be\/site\/index.php\/wp-json\/wp\/v2\/comments?post=446"}],"version-history":[{"count":4,"href":"https:\/\/cefanamur.be\/site\/index.php\/wp-json\/wp\/v2\/posts\/446\/revisions"}],"predecessor-version":[{"id":1349,"href":"https:\/\/cefanamur.be\/site\/index.php\/wp-json\/wp\/v2\/posts\/446\/revisions\/1349"}],"wp:attachment":[{"href":"https:\/\/cefanamur.be\/site\/index.php\/wp-json\/wp\/v2\/media?parent=446"}],"wp:term":[{"taxonomy":"category","embeddable":true,"href":"https:\/\/cefanamur.be\/site\/index.php\/wp-json\/wp\/v2\/categories?post=446"},{"taxonomy":"post_tag","embeddable":true,"href":"https:\/\/cefanamur.be\/site\/index.php\/wp-json\/wp\/v2\/tags?post=446"}],"curies":[{"name":"wp","href":"https:\/\/api.w.org\/{rel}","templated":true}]}}