{"id":1385,"date":"2016-10-05T15:29:05","date_gmt":"2016-10-05T13:29:05","guid":{"rendered":"https:\/\/cefanamur.be\/site\/?p=1385"},"modified":"2025-06-17T13:35:10","modified_gmt":"2025-06-17T11:35:10","slug":"module-de-formation-individualise-mfi","status":"publish","type":"post","link":"https:\/\/cefanamur.be\/site\/index.php\/2016\/10\/05\/module-de-formation-individualise-mfi\/","title":{"rendered":"Module de Formation Individualis\u00e9 &#8211; MFI &#8211; Art.45"},"content":{"rendered":"<table class=\" alignright\" style=\"background-color: #71c261; width: 95.4308%; height: 147px;\">\n<tbody>\n<tr>\n<td style=\"width: 237.375px;\">\n<p class=\"texte_formation\" align=\"center\"><span style=\"font-size: 12pt; color: #008000;\"><strong>\u00a0<\/strong><\/span><\/p>\n<\/td>\n<\/tr>\n<\/tbody>\n<\/table>\n<div align=\"center\">\n<p>&nbsp;<\/p>\n<p class=\"noms\"><span style=\"font-size: 24pt; color: #008000;\">Module de formation individualis\u00e9<\/span><\/p>\n<\/div>\n<p>&nbsp;<\/p>\n<h3 class=\"texte_formation\">Le module<\/h3>\n<p class=\"texte_formation\">Module de formation permettant de se conforter dans le choix d&rsquo;option.<\/p>\n<p>Ce module permet de tester les diff\u00e9rents secteurs (jours d&rsquo;essaie dans l&rsquo;option, stage d&rsquo;observation,&#8230;)<\/p>\n<h3 class=\"texte_formation\">Conditions d\u2019admission<\/h3>\n<p class=\"texte_formation\">Avoir 15 ans et avoir fait 2 ann\u00e9es compl\u00e8tes dans le premier degr\u00e9 de l&rsquo;enseignement secondaire\u00a0OU avoir 16 ans accomplis.<\/p>\n<h3 class=\"texte_formation\">Objectif de la formation<\/h3>\n<p class=\"texte_formation\">Trouver le secteur dans lequel le jeune veut se former et s&rsquo;\u00e9panouir en \u00e9laborant son projet de vie.<\/p>\n<h3 class=\"texte_formation\">Sp\u00e9cificit\u00e9s de la section<\/h3>\n<p class=\"texte_formation\">Lieu de passage d&rsquo;une dur\u00e9e limit\u00e9 de 3 mois, renouvelable sur d\u00e9cision de la direction.<\/p>\n<p>Les stages d&rsquo;observation ne sont pas r\u00e9mun\u00e9r\u00e9s.<\/p>\n<h3 class=\"texte_formation\">Comp\u00e9tences travaill\u00e9es durant le module<\/h3>\n<ul>\n<li class=\"texte_formation\">R\u00e9alisation de CV et de lettres de motivation<\/li>\n<li>Simulation d&rsquo;entretien d&#8217;embauche<\/li>\n<li>Informer \u00a0les jeunes sur les diff\u00e9rentes caract\u00e9ristiques des m\u00e9tiers (horaires, cong\u00e9s l\u00e9gaux, conditions de travail&#8230;)<\/li>\n<li>Acqu\u00e9rir les comp\u00e9tences de bases n\u00e9cessaires \u00e0 entrer dans une formation qualifiante<\/li>\n<\/ul>\n<h3 class=\"texte_formation\">Qualit\u00e9s requises<\/h3>\n<p class=\"texte_formation\">S&rsquo;investir dans la formation<br \/>\nS&rsquo;investir en \u00e9tant actif dans les recherches de stages d&rsquo;observation<br \/>\n\u00catre actif et participer aux diff\u00e9rents ateliers de mises \u00e0 l&#8217;emploi<\/p>\n<h3 class=\"texte_formation\">Pratico-Pratique<\/h3>\n<p class=\"texte_formation\">Grille scolaire de deux jours au CEFA, les trois autres jours sont destin\u00e9s \u00e0 la mise en place de projet personnel et \u00e0 la recherche de stage.<\/p>\n<p>Rencontre obligatoire avec un des agents du PMS pour travailler sur l&rsquo;orientation du jeune.<\/p>\n<p>Allocations familiales inchang\u00e9es.<\/p>\n<p>Devenir un citoyen responsable pr\u00eat pour la vie active.<\/p>\n","protected":false},"excerpt":{"rendered":"<p>\u00a0 &nbsp; Module de formation individualis\u00e9 &nbsp; Le module Module de formation permettant de se conforter dans le choix d&rsquo;option. Ce module permet de tester<\/p>\n","protected":false},"author":7,"featured_media":1388,"comment_status":"closed","ping_status":"closed","sticky":false,"template":"","format":"standard","meta":{"footnotes":""},"categories":[3],"tags":[],"acf":[],"publishpress_future_action":{"enabled":false,"date":"1970-01-01 01:00:00","action":"","terms":[],"taxonomy":"","browser_timezone_offset":0},"_links":{"self":[{"href":"https:\/\/cefanamur.be\/site\/index.php\/wp-json\/wp\/v2\/posts\/1385"}],"collection":[{"href":"https:\/\/cefanamur.be\/site\/index.php\/wp-json\/wp\/v2\/posts"}],"about":[{"href":"https:\/\/cefanamur.be\/site\/index.php\/wp-json\/wp\/v2\/types\/post"}],"author":[{"embeddable":true,"href":"https:\/\/cefanamur.be\/site\/index.php\/wp-json\/wp\/v2\/users\/7"}],"replies":[{"embeddable":true,"href":"https:\/\/cefanamur.be\/site\/index.php\/wp-json\/wp\/v2\/comments?post=1385"}],"version-history":[{"count":4,"href":"https:\/\/cefanamur.be\/site\/index.php\/wp-json\/wp\/v2\/posts\/1385\/revisions"}],"predecessor-version":[{"id":1461,"href":"https:\/\/cefanamur.be\/site\/index.php\/wp-json\/wp\/v2\/posts\/1385\/revisions\/1461"}],"wp:featuredmedia":[{"embeddable":true,"href":"https:\/\/cefanamur.be\/site\/index.php\/wp-json\/wp\/v2\/media\/1388"}],"wp:attachment":[{"href":"https:\/\/cefanamur.be\/site\/index.php\/wp-json\/wp\/v2\/media?parent=1385"}],"wp:term":[{"taxonomy":"category","embeddable":true,"href":"https:\/\/cefanamur.be\/site\/index.php\/wp-json\/wp\/v2\/categories?post=1385"},{"taxonomy":"post_tag","embeddable":true,"href":"https:\/\/cefanamur.be\/site\/index.php\/wp-json\/wp\/v2\/tags?post=1385"}],"curies":[{"name":"wp","href":"https:\/\/api.w.org\/{rel}","templated":true}]}}